{"id":7515,"date":"2026-08-31T12:06:35","date_gmt":"2026-08-31T17:06:35","guid":{"rendered":"https:\/\/godoy.legal\/?p=7515"},"modified":"2026-08-31T12:06:37","modified_gmt":"2026-08-31T17:06:37","slug":"inmediatez-justa-causa-despido-extemporaneo","status":"publish","type":"post","link":"https:\/\/godoy.legal\/en\/inmediatez-justa-causa-despido-extemporaneo\/","title":{"rendered":"Evite despidos extempor\u00e1neos: inmediatez y justa causa"},"content":{"rendered":"\n<p>Pasaron cinco meses entre el incumplimiento y la citaci\u00f3n a descargos, y la convenci\u00f3n colectiva establec\u00eda un plazo de diez d\u00edas h\u00e1biles. Cualquiera dir\u00eda que se trataba de un despido extempor\u00e1neo por falta de inmediatez. Sin embargo, la Corte Suprema, en la sentencia SL245-2026, aval\u00f3 la terminaci\u00f3n del contrato.<\/p>\n\n\n\n<p>La clave est\u00e1 en cu\u00e1ndo empieza a contarse ese plazo: no desde la fecha del hecho generador o presunta irregularidad, sino desde el momento en que el empleador tiene plena certeza del incumplimiento del trabajador, despu\u00e9s de realizar las validaciones necesarias.<\/p>\n\n\n\n<p>As\u00ed las cosas, si usted maneja personal, esta decisi\u00f3n puede cambiar la forma de entender y contar el t\u00e9rmino para iniciar un eventual proceso disciplinario.<\/p>\n\n\n\n<p>El caso: un trabajador retir\u00f3 $100 millones de pesos de sus cesant\u00edas para comprar vivienda y contaba con 90 d\u00edas para acreditar la inversi\u00f3n, por lo que el plazo para legalizar venc\u00eda el 15 de diciembre de 2018. No obstante, la empresa lo requiri\u00f3 por correo el 20 de febrero, el 1 y el 29 de abril de 2019. Al no recibir respuesta, el 16 de mayo, fue citado a descargos.<\/p>\n\n\n\n<p>El trabajador aleg\u00f3 que el proceso disciplinario fue extempor\u00e1neo y que la empresa hab\u00eda perdido la oportunidad de ejercer su potestad disciplinaria. La Corte no lo acept\u00f3, ya que, al revisar las pruebas, consider\u00f3 razonable entender que, cuando el incumplimiento se prolonga en el tiempo, el plazo no corre desde el vencimiento inicial, sino desde que la empresa tiene certeza de que el trabajador no cumplir\u00e1 con la carga impuesta. En este caso, esa certeza lleg\u00f3 con el \u00faltimo requerimiento sin respuesta.<\/p>\n\n\n\n<p>El mensaje m\u00e1s \u00fatil de la sentencia: las auditor\u00edas, los correos de requerimiento, las validaciones con terceros o con otras \u00e1reas no son demoras que le hagan perder la oportunidad de ejercer la facultad disciplinaria, ya que son la prueba de que la empresa actu\u00f3 con diligencia y de que le dio al trabajador la posibilidad de explicarse antes de abrir un disciplinario. Citar a descargos apenas vencido el plazo, sin haber requerido al trabajador, habr\u00eda sido lo verdaderamente riesgoso.<\/p>\n\n\n\n<p>La convenci\u00f3n colectiva exig\u00eda citar dentro de los diez d\u00edas h\u00e1biles siguientes al conocimiento de la falta. Con el mismo razonamiento, la Corte concluy\u00f3 que ese conteo tampoco comenzaba cuando el trabajador solicit\u00f3 las cesant\u00edas, sino cuando la empresa constat\u00f3 que el trabajador no legaliz\u00f3, no pidi\u00f3 pr\u00f3rroga, no solicit\u00f3 cambio de destinaci\u00f3n ni atendi\u00f3 los requerimientos.<\/p>\n\n\n\n<p>Por lo anterior, en nuestra opini\u00f3n, esta sentencia puede ser una alternativa \u00fatil en los procesos especiales de levantamiento de fuero sindical, en los que con frecuencia se alega la prescripci\u00f3n de los hechos que motivan la solicitud. Si bien el fallo no se pronuncia sobre ese escenario, el razonamiento sobre el momento en que se entiende conocida la falta puede servir como argumento de apoyo cuando el incumplimiento se ha prolongado en el tiempo.<\/p>\n\n\n\n<p>El trabajador tambi\u00e9n cuestion\u00f3 que la empresa y el sindicato nunca se reunieron para decidir el despido. Sin embargo, la Corte revis\u00f3 la convenci\u00f3n y encontr\u00f3 que esta no exig\u00eda levantar un acta, sino garantizar la participaci\u00f3n de los delegados sindicales. Esto ocurri\u00f3: intervinieron en los descargos, dieron su concepto y, al no existir acuerdo con la empresa, la decisi\u00f3n pas\u00f3 al superior jer\u00e1rquico del jefe inmediato, tal como lo prev\u00e9 la convenci\u00f3n.<\/p>\n\n\n\n<p><strong>Puede consultar tambi\u00e9n:<\/strong> <a href=\"https:\/\/godoy.legal\/en\/despido-con-junta-causa-exige-tramite-disciplinario\/\"><mark style=\"background-color:rgba(0, 0, 0, 0);color:#00c36f\" class=\"has-inline-color\">\u00bfEl despido con justa causa exige tr\u00e1mite disciplinario?<\/mark><\/a><\/p>\n\n\n\n<p>Tambi\u00e9n resulta relevante un aspecto de la sentencia del Tribunal de Medell\u00edn, dentro del tr\u00e1mite de la segunda instancia, que si bien no fue analizado por la Corte porque la censura no lo atac\u00f3, vale la pena tener presente: para configurar la justa causa del numeral 1 del art\u00edculo 62 del C\u00f3digo Sustantivo del Trabajo, relacionada con el enga\u00f1o por parte del trabajador, no es necesario contar con una falsedad en los t\u00e9rminos de la justicia penal. Basta con que el trabajador realice maniobras fingidas, simuladas o inciertas dirigidas a enga\u00f1ar al empleador. Esta argumentaci\u00f3n puede ser \u00fatil al enfrentar este tipo de casos.<\/p>\n\n\n\n<p>Lo que s\u00ed conviene retener es que la empresa no es una simple intermediaria del dinero: debe verificar que las cesant\u00edas se destinen a vivienda, educaci\u00f3n u otro fin autorizado, pues de lo contrario puede asumir consecuencias sobre las sumas pagadas. Esa exposici\u00f3n patrimonial fue uno de los motivos por los que se consider\u00f3 proporcional la decisi\u00f3n.<\/p>\n\n\n\n<p>En nuestra lectura, la ense\u00f1anza de fondo es que las normas y las convenciones colectivas no se aplican de forma restrictiva, sino que hay que interpretarlas. La inmediatez no se mide contando d\u00edas en un calendario, sino analizando las circunstancias de cada caso, entre ellas la naturaleza de la falta, si el incumplimiento se prolong\u00f3 en el tiempo y las gestiones que el empleador adelant\u00f3 antes de iniciar el disciplinario. Ese contexto es el que define en qu\u00e9 momento se entiende conocida la falta.<\/p>\n\n\n\n<p><strong>\u00bfQu\u00e9 hacer ahora?<\/strong><\/p>\n\n\n\n<p>Bajo este panorama, de manera previa al inicio de un proceso disciplinario, procure que todo quede documentado y con trazabilidad, incluyendo la auditor\u00eda que detect\u00f3 el hecho, cada requerimiento enviado al trabajador con su fecha e incluso las validaciones realizadas con otras \u00e1reas de la empresa o con terceros. Esta trazabilidad le permitir\u00e1 siempre ejercer una defensa ante un eventual cuestionamiento del proceso. <\/p>\n\n\n\n<p>Si requiere una revisi\u00f3n de su reglamento interno o el protocolo de sus procesos disciplinarios, en Godoy lo acompa\u00f1amos.<\/p>\n","protected":false},"excerpt":{"rendered":"<p>La inmediatez no se mide contando d\u00edas en un calendario, sino analizando las circunstancias de cada caso. La Corte Suprema aclar\u00f3 desde qu\u00e9 momento debe contarse el plazo para iniciar un proceso disciplinario y evitar cuestionamientos por un despido extempor\u00e1neo.<\/p>\n","protected":false},"author":1,"featured_media":7534,"comment_status":"closed","ping_status":"closed","sticky":false,"template":"","format":"standard","meta":{"_acf_changed":false,"footnotes":""},"categories":[129,198],"tags":[],"class_list":["post-7515","post","type-post","status-publish","format-standard","has-post-thumbnail","hentry","category-labor-law","category-legal-magazine-4"],"acf":[],"yoast_head":"<!-- This site is optimized with the Yoast SEO plugin v28.1 - https:\/\/yoast.com\/product\/yoast-seo-wordpress\/ -->\n<title>Inmediatez y justa causa: \u00bfcu\u00e1ndo un despido es extempor\u00e1neo?<\/title>\n<meta name=\"description\" content=\"La Corte Suprema aclar\u00f3 desde cu\u00e1ndo se cuenta la inmediatez para iniciar un proceso disciplinario y aplicar un despido con justa causa.\" \/>\n<meta name=\"robots\" content=\"index, follow, max-snippet:-1, max-image-preview:large, max-video-preview:-1\" \/>\n<link rel=\"canonical\" href=\"https:\/\/godoy.legal\/en\/inmediatez-justa-causa-despido-extemporaneo\/\" \/>\n<meta property=\"og:locale\" content=\"en_US\" \/>\n<meta property=\"og:type\" content=\"article\" \/>\n<meta property=\"og:title\" content=\"Inmediatez y justa causa: \u00bfcu\u00e1ndo un despido es extempor\u00e1neo?\" \/>\n<meta property=\"og:description\" content=\"La Corte Suprema aclar\u00f3 desde cu\u00e1ndo se cuenta la inmediatez para iniciar un proceso disciplinario y aplicar un despido con justa causa.\" \/>\n<meta property=\"og:url\" content=\"https:\/\/godoy.legal\/en\/inmediatez-justa-causa-despido-extemporaneo\/\" \/>\n<meta property=\"og:site_name\" content=\"Godoy\" \/>\n<meta property=\"article:published_time\" content=\"2026-08-31T17:06:35+00:00\" \/>\n<meta property=\"article:modified_time\" content=\"2026-08-31T17:06:37+00:00\" \/>\n<meta name=\"author\" content=\"adminGodoy\" \/>\n<meta name=\"twitter:card\" content=\"summary_large_image\" \/>\n<meta name=\"twitter:label1\" content=\"Written by\" \/>\n\t<meta name=\"twitter:data1\" content=\"adminGodoy\" \/>\n\t<meta name=\"twitter:label2\" content=\"Est. reading time\" \/>\n\t<meta name=\"twitter:data2\" content=\"5 minutes\" \/>\n<script type=\"application\/ld+json\" class=\"yoast-schema-graph\">{\"@context\":\"https:\\\/\\\/schema.org\",\"@graph\":[{\"@type\":\"Article\",\"@id\":\"https:\\\/\\\/godoy.legal\\\/en\\\/inmediatez-justa-causa-despido-extemporaneo\\\/#article\",\"isPartOf\":{\"@id\":\"https:\\\/\\\/godoy.legal\\\/en\\\/inmediatez-justa-causa-despido-extemporaneo\\\/\"},\"author\":{\"name\":\"adminGodoy\",\"@id\":\"https:\\\/\\\/godoy.legal\\\/#\\\/schema\\\/person\\\/6085904f6c3944749ea1247447a85eac\"},\"headline\":\"Evite despidos extempor\u00e1neos: inmediatez y justa causa\",\"datePublished\":\"2026-08-31T17:06:35+00:00\",\"dateModified\":\"2026-08-31T17:06:37+00:00\",\"mainEntityOfPage\":{\"@id\":\"https:\\\/\\\/godoy.legal\\\/en\\\/inmediatez-justa-causa-despido-extemporaneo\\\/\"},\"wordCount\":949,\"publisher\":{\"@id\":\"https:\\\/\\\/godoy.legal\\\/#organization\"},\"image\":{\"@id\":\"https:\\\/\\\/godoy.legal\\\/en\\\/inmediatez-justa-causa-despido-extemporaneo\\\/#primaryimage\"},\"thumbnailUrl\":\"https:\\\/\\\/godoy.legal\\\/wp-content\\\/uploads\\\/2026\\\/08\\\/DP-Agosto-01-scaled.png\",\"articleSection\":[\"Labor Law\",\"Legal Magazine\"],\"inLanguage\":\"en-US\"},{\"@type\":\"WebPage\",\"@id\":\"https:\\\/\\\/godoy.legal\\\/en\\\/inmediatez-justa-causa-despido-extemporaneo\\\/\",\"url\":\"https:\\\/\\\/godoy.legal\\\/en\\\/inmediatez-justa-causa-despido-extemporaneo\\\/\",\"name\":\"Inmediatez y justa causa: \u00bfcu\u00e1ndo un despido es extempor\u00e1neo?\",\"isPartOf\":{\"@id\":\"https:\\\/\\\/godoy.legal\\\/#website\"},\"primaryImageOfPage\":{\"@id\":\"https:\\\/\\\/godoy.legal\\\/en\\\/inmediatez-justa-causa-despido-extemporaneo\\\/#primaryimage\"},\"image\":{\"@id\":\"https:\\\/\\\/godoy.legal\\\/en\\\/inmediatez-justa-causa-despido-extemporaneo\\\/#primaryimage\"},\"thumbnailUrl\":\"https:\\\/\\\/godoy.legal\\\/wp-content\\\/uploads\\\/2026\\\/08\\\/DP-Agosto-01-scaled.png\",\"datePublished\":\"2026-08-31T17:06:35+00:00\",\"dateModified\":\"2026-08-31T17:06:37+00:00\",\"description\":\"La Corte Suprema aclar\u00f3 desde cu\u00e1ndo se cuenta la inmediatez para iniciar un proceso disciplinario y aplicar un despido con justa causa.\",\"breadcrumb\":{\"@id\":\"https:\\\/\\\/godoy.legal\\\/en\\\/inmediatez-justa-causa-despido-extemporaneo\\\/#breadcrumb\"},\"inLanguage\":\"en-US\",\"potentialAction\":[{\"@type\":\"ReadAction\",\"target\":[\"https:\\\/\\\/godoy.legal\\\/en\\\/inmediatez-justa-causa-despido-extemporaneo\\\/\"]}]},{\"@type\":\"ImageObject\",\"inLanguage\":\"en-US\",\"@id\":\"https:\\\/\\\/godoy.legal\\\/en\\\/inmediatez-justa-causa-despido-extemporaneo\\\/#primaryimage\",\"url\":\"https:\\\/\\\/godoy.legal\\\/wp-content\\\/uploads\\\/2026\\\/08\\\/DP-Agosto-01-scaled.png\",\"contentUrl\":\"https:\\\/\\\/godoy.legal\\\/wp-content\\\/uploads\\\/2026\\\/08\\\/DP-Agosto-01-scaled.png\",\"width\":2560,\"height\":1707},{\"@type\":\"BreadcrumbList\",\"@id\":\"https:\\\/\\\/godoy.legal\\\/en\\\/inmediatez-justa-causa-despido-extemporaneo\\\/#breadcrumb\",\"itemListElement\":[{\"@type\":\"ListItem\",\"position\":1,\"name\":\"Portada\",\"item\":\"https:\\\/\\\/godoy.legal\\\/en\\\/\"},{\"@type\":\"ListItem\",\"position\":2,\"name\":\"Evite despidos extempor\u00e1neos: inmediatez y justa causa\"}]},{\"@type\":\"WebSite\",\"@id\":\"https:\\\/\\\/godoy.legal\\\/#website\",\"url\":\"https:\\\/\\\/godoy.legal\\\/\",\"name\":\"Godoy\",\"description\":\"\",\"publisher\":{\"@id\":\"https:\\\/\\\/godoy.legal\\\/#organization\"},\"alternateName\":\"Somos m\u00e1s que abogados: combinamos derecho, estrategia, innovaci\u00f3n y tecnolog\u00eda para transformar realidades\",\"potentialAction\":[{\"@type\":\"SearchAction\",\"target\":{\"@type\":\"EntryPoint\",\"urlTemplate\":\"https:\\\/\\\/godoy.legal\\\/?s={search_term_string}\"},\"query-input\":{\"@type\":\"PropertyValueSpecification\",\"valueRequired\":true,\"valueName\":\"search_term_string\"}}],\"inLanguage\":\"en-US\"},{\"@type\":\"Organization\",\"@id\":\"https:\\\/\\\/godoy.legal\\\/#organization\",\"name\":\"Godoy\",\"url\":\"https:\\\/\\\/godoy.legal\\\/\",\"logo\":{\"@type\":\"ImageObject\",\"inLanguage\":\"en-US\",\"@id\":\"https:\\\/\\\/godoy.legal\\\/#\\\/schema\\\/logo\\\/image\\\/\",\"url\":\"https:\\\/\\\/godoy.legal\\\/wp-content\\\/uploads\\\/2025\\\/07\\\/Logo_Godoy_Blanco_RGB.svg\",\"contentUrl\":\"https:\\\/\\\/godoy.legal\\\/wp-content\\\/uploads\\\/2025\\\/07\\\/Logo_Godoy_Blanco_RGB.svg\",\"width\":1,\"height\":1,\"caption\":\"Godoy\"},\"image\":{\"@id\":\"https:\\\/\\\/godoy.legal\\\/#\\\/schema\\\/logo\\\/image\\\/\"}},{\"@type\":\"Person\",\"@id\":\"https:\\\/\\\/godoy.legal\\\/#\\\/schema\\\/person\\\/6085904f6c3944749ea1247447a85eac\",\"name\":\"adminGodoy\",\"sameAs\":[\"https:\\\/\\\/godoy.legal\"],\"url\":\"https:\\\/\\\/godoy.legal\\\/en\\\/author\\\/admingodoy\\\/\"}]}<\/script>\n<!-- \/ Yoast SEO plugin. -->","yoast_head_json":{"title":"Inmediatez y justa causa: \u00bfcu\u00e1ndo un despido es extempor\u00e1neo?","description":"La Corte Suprema aclar\u00f3 desde cu\u00e1ndo se cuenta la inmediatez para iniciar un proceso disciplinario y aplicar un despido con justa causa.","robots":{"index":"index","follow":"follow","max-snippet":"max-snippet:-1","max-image-preview":"max-image-preview:large","max-video-preview":"max-video-preview:-1"},"canonical":"https:\/\/godoy.legal\/en\/inmediatez-justa-causa-despido-extemporaneo\/","og_locale":"en_US","og_type":"article","og_title":"Inmediatez y justa causa: \u00bfcu\u00e1ndo un despido es extempor\u00e1neo?","og_description":"La Corte Suprema aclar\u00f3 desde cu\u00e1ndo se cuenta la inmediatez para iniciar un proceso disciplinario y aplicar un despido con justa causa.","og_url":"https:\/\/godoy.legal\/en\/inmediatez-justa-causa-despido-extemporaneo\/","og_site_name":"Godoy","article_published_time":"2026-08-31T17:06:35+00:00","article_modified_time":"2026-08-31T17:06:37+00:00","author":"adminGodoy","twitter_card":"summary_large_image","twitter_misc":{"Written by":"adminGodoy","Est. reading time":"5 minutes"},"schema":{"@context":"https:\/\/schema.org","@graph":[{"@type":"Article","@id":"https:\/\/godoy.legal\/en\/inmediatez-justa-causa-despido-extemporaneo\/#article","isPartOf":{"@id":"https:\/\/godoy.legal\/en\/inmediatez-justa-causa-despido-extemporaneo\/"},"author":{"name":"adminGodoy","@id":"https:\/\/godoy.legal\/#\/schema\/person\/6085904f6c3944749ea1247447a85eac"},"headline":"Evite despidos extempor\u00e1neos: inmediatez y justa causa","datePublished":"2026-08-31T17:06:35+00:00","dateModified":"2026-08-31T17:06:37+00:00","mainEntityOfPage":{"@id":"https:\/\/godoy.legal\/en\/inmediatez-justa-causa-despido-extemporaneo\/"},"wordCount":949,"publisher":{"@id":"https:\/\/godoy.legal\/#organization"},"image":{"@id":"https:\/\/godoy.legal\/en\/inmediatez-justa-causa-despido-extemporaneo\/#primaryimage"},"thumbnailUrl":"https:\/\/godoy.legal\/wp-content\/uploads\/2026\/08\/DP-Agosto-01-scaled.png","articleSection":["Labor Law","Legal Magazine"],"inLanguage":"en-US"},{"@type":"WebPage","@id":"https:\/\/godoy.legal\/en\/inmediatez-justa-causa-despido-extemporaneo\/","url":"https:\/\/godoy.legal\/en\/inmediatez-justa-causa-despido-extemporaneo\/","name":"Inmediatez y justa causa: \u00bfcu\u00e1ndo un despido es extempor\u00e1neo?","isPartOf":{"@id":"https:\/\/godoy.legal\/#website"},"primaryImageOfPage":{"@id":"https:\/\/godoy.legal\/en\/inmediatez-justa-causa-despido-extemporaneo\/#primaryimage"},"image":{"@id":"https:\/\/godoy.legal\/en\/inmediatez-justa-causa-despido-extemporaneo\/#primaryimage"},"thumbnailUrl":"https:\/\/godoy.legal\/wp-content\/uploads\/2026\/08\/DP-Agosto-01-scaled.png","datePublished":"2026-08-31T17:06:35+00:00","dateModified":"2026-08-31T17:06:37+00:00","description":"La Corte Suprema aclar\u00f3 desde cu\u00e1ndo se cuenta la inmediatez para iniciar un proceso disciplinario y aplicar un despido con justa causa.","breadcrumb":{"@id":"https:\/\/godoy.legal\/en\/inmediatez-justa-causa-despido-extemporaneo\/#breadcrumb"},"inLanguage":"en-US","potentialAction":[{"@type":"ReadAction","target":["https:\/\/godoy.legal\/en\/inmediatez-justa-causa-despido-extemporaneo\/"]}]},{"@type":"ImageObject","inLanguage":"en-US","@id":"https:\/\/godoy.legal\/en\/inmediatez-justa-causa-despido-extemporaneo\/#primaryimage","url":"https:\/\/godoy.legal\/wp-content\/uploads\/2026\/08\/DP-Agosto-01-scaled.png","contentUrl":"https:\/\/godoy.legal\/wp-content\/uploads\/2026\/08\/DP-Agosto-01-scaled.png","width":2560,"height":1707},{"@type":"BreadcrumbList","@id":"https:\/\/godoy.legal\/en\/inmediatez-justa-causa-despido-extemporaneo\/#breadcrumb","itemListElement":[{"@type":"ListItem","position":1,"name":"Portada","item":"https:\/\/godoy.legal\/en\/"},{"@type":"ListItem","position":2,"name":"Evite despidos extempor\u00e1neos: inmediatez y justa causa"}]},{"@type":"WebSite","@id":"https:\/\/godoy.legal\/#website","url":"https:\/\/godoy.legal\/","name":"Godoy","description":"","publisher":{"@id":"https:\/\/godoy.legal\/#organization"},"alternateName":"Somos m\u00e1s que abogados: combinamos derecho, estrategia, innovaci\u00f3n y tecnolog\u00eda para transformar realidades","potentialAction":[{"@type":"SearchAction","target":{"@type":"EntryPoint","urlTemplate":"https:\/\/godoy.legal\/?s={search_term_string}"},"query-input":{"@type":"PropertyValueSpecification","valueRequired":true,"valueName":"search_term_string"}}],"inLanguage":"en-US"},{"@type":"Organization","@id":"https:\/\/godoy.legal\/#organization","name":"Godoy","url":"https:\/\/godoy.legal\/","logo":{"@type":"ImageObject","inLanguage":"en-US","@id":"https:\/\/godoy.legal\/#\/schema\/logo\/image\/","url":"https:\/\/godoy.legal\/wp-content\/uploads\/2025\/07\/Logo_Godoy_Blanco_RGB.svg","contentUrl":"https:\/\/godoy.legal\/wp-content\/uploads\/2025\/07\/Logo_Godoy_Blanco_RGB.svg","width":1,"height":1,"caption":"Godoy"},"image":{"@id":"https:\/\/godoy.legal\/#\/schema\/logo\/image\/"}},{"@type":"Person","@id":"https:\/\/godoy.legal\/#\/schema\/person\/6085904f6c3944749ea1247447a85eac","name":"adminGodoy","sameAs":["https:\/\/godoy.legal"],"url":"https:\/\/godoy.legal\/en\/author\/admingodoy\/"}]}},"_links":{"self":[{"href":"https:\/\/godoy.legal\/en\/wp-json\/wp\/v2\/posts\/7515","targetHints":{"allow":["GET"]}}],"collection":[{"href":"https:\/\/godoy.legal\/en\/wp-json\/wp\/v2\/posts"}],"about":[{"href":"https:\/\/godoy.legal\/en\/wp-json\/wp\/v2\/types\/post"}],"author":[{"embeddable":true,"href":"https:\/\/godoy.legal\/en\/wp-json\/wp\/v2\/users\/1"}],"replies":[{"embeddable":true,"href":"https:\/\/godoy.legal\/en\/wp-json\/wp\/v2\/comments?post=7515"}],"version-history":[{"count":4,"href":"https:\/\/godoy.legal\/en\/wp-json\/wp\/v2\/posts\/7515\/revisions"}],"predecessor-version":[{"id":7536,"href":"https:\/\/godoy.legal\/en\/wp-json\/wp\/v2\/posts\/7515\/revisions\/7536"}],"wp:featuredmedia":[{"embeddable":true,"href":"https:\/\/godoy.legal\/en\/wp-json\/wp\/v2\/media\/7534"}],"wp:attachment":[{"href":"https:\/\/godoy.legal\/en\/wp-json\/wp\/v2\/media?parent=7515"}],"wp:term":[{"taxonomy":"category","embeddable":true,"href":"https:\/\/godoy.legal\/en\/wp-json\/wp\/v2\/categories?post=7515"},{"taxonomy":"post_tag","embeddable":true,"href":"https:\/\/godoy.legal\/en\/wp-json\/wp\/v2\/tags?post=7515"}],"curies":[{"name":"wp","href":"https:\/\/api.w.org\/{rel}","templated":true}]}}